{"id":1054,"date":"2025-03-29T00:43:07","date_gmt":"2025-03-29T03:43:07","guid":{"rendered":"https:\/\/lers.pro.br\/?p=1054"},"modified":"2025-03-29T00:43:07","modified_gmt":"2025-03-29T03:43:07","slug":"la-vida-de-ana","status":"publish","type":"post","link":"https:\/\/lers.pro.br\/?p=1054","title":{"rendered":"La vida de Ana"},"content":{"rendered":"<p>Hola, mi nombre es Ana. Soy nueva en mi vecindario. Mi casa es de color amarillo.<\/p><p>A la izquierda, en la casa verde vive una familia de Argentina y a la derecha vive una familia de Paraguay. Mi familia y yo somos de Chile. Nuestra casa tiene una bonita entrada donde me gusta sentarme para ver a mis ni\u00f1os jugar en el jard\u00edn. La casa tiene dos pisos. En el piso de abajo hay una sala, un comedor, un ba\u00f1o y una cocina. En el piso de arriba hay dos ba\u00f1os y cuatro dormitorios.<\/p><p>Mi esposo Mario y yo tenemos tres hijas. Maria y Fatima tienen 3 a\u00f1os y Valeria tiene 6 a\u00f1os. Ellas son muy alegres, divertidas y un poco traviesas. Tambi\u00e9n tenemos dos gatos, se llaman Otto y Bilo.<\/p>","protected":false},"excerpt":{"rendered":"<p>Hola, mi nombre es Ana. Soy nueva en mi vecindario. Mi casa es de color amarillo. A la izquierda, en la casa verde vive una familia de Argentina y a la derecha vive una familia de Paraguay. Mi familia y yo somos de Chile. Nuestra casa tiene una bonita entrada donde me gusta sentarme para&#8230;<\/p>\n","protected":false},"author":1,"featured_media":1055,"comment_status":"open","ping_status":"open","sticky":false,"template":"","format":"standard","meta":{"_editorskit_title_hidden":false,"_editorskit_reading_time":0,"_editorskit_is_block_options_detached":false,"_editorskit_block_options_position":"{}","_uag_custom_page_level_css":"","footnotes":""},"categories":[783],"tags":[784],"class_list":["post-1054","post","type-post","status-publish","format-standard","has-post-thumbnail","hentry","category-espanhol","tag-espanhol"],"uagb_featured_image_src":{"full":["https:\/\/lers.pro.br\/wp-content\/uploads\/2025\/03\/vizinhanca-1-1280x640-1.jpg",1280,640,false],"thumbnail":["https:\/\/lers.pro.br\/wp-content\/uploads\/2025\/03\/vizinhanca-1-1280x640-1-150x150.jpg",150,150,true],"medium":["https:\/\/lers.pro.br\/wp-content\/uploads\/2025\/03\/vizinhanca-1-1280x640-1-300x150.jpg",300,150,true],"medium_large":["https:\/\/lers.pro.br\/wp-content\/uploads\/2025\/03\/vizinhanca-1-1280x640-1-768x384.jpg",640,320,true],"large":["https:\/\/lers.pro.br\/wp-content\/uploads\/2025\/03\/vizinhanca-1-1280x640-1-1024x512.jpg",640,320,true],"1536x1536":["https:\/\/lers.pro.br\/wp-content\/uploads\/2025\/03\/vizinhanca-1-1280x640-1.jpg",1280,640,false],"2048x2048":["https:\/\/lers.pro.br\/wp-content\/uploads\/2025\/03\/vizinhanca-1-1280x640-1.jpg",1280,640,false],"depicter-thumbnail":["https:\/\/lers.pro.br\/wp-content\/uploads\/2025\/03\/vizinhanca-1-1280x640-1-200x100.jpg",200,100,true],"news-event-featured":["https:\/\/lers.pro.br\/wp-content\/uploads\/2025\/03\/vizinhanca-1-1280x640-1.jpg",1020,510,false],"news-event-list":["https:\/\/lers.pro.br\/wp-content\/uploads\/2025\/03\/vizinhanca-1-1280x640-1.jpg",600,300,false],"news-event-thumb":["https:\/\/lers.pro.br\/wp-content\/uploads\/2025\/03\/vizinhanca-1-1280x640-1.jpg",300,150,false],"news-event-small":["https:\/\/lers.pro.br\/wp-content\/uploads\/2025\/03\/vizinhanca-1-1280x640-1.jpg",150,75,false],"news-event-grid":["https:\/\/lers.pro.br\/wp-content\/uploads\/2025\/03\/vizinhanca-1-1280x640-1.jpg",400,200,false],"woocommerce_thumbnail":["https:\/\/lers.pro.br\/wp-content\/uploads\/2025\/03\/vizinhanca-1-1280x640-1-300x150.jpg",300,150,true],"woocommerce_single":["https:\/\/lers.pro.br\/wp-content\/uploads\/2025\/03\/vizinhanca-1-1280x640-1-615x308.jpg",615,308,true],"woocommerce_gallery_thumbnail":["https:\/\/lers.pro.br\/wp-content\/uploads\/2025\/03\/vizinhanca-1-1280x640-1-100x100.jpg",100,100,true]},"uagb_author_info":{"display_name":"rodrigo.nmartins97","author_link":"https:\/\/lers.pro.br\/?author=1"},"uagb_comment_info":5,"uagb_excerpt":"Hola, mi nombre es Ana. Soy nueva en mi vecindario. Mi casa es de color amarillo. A la izquierda, en la casa verde vive una familia de Argentina y a la derecha vive una familia de Paraguay. Mi familia y yo somos de Chile. Nuestra casa tiene una bonita entrada donde me gusta sentarme para...","_links":{"self":[{"href":"https:\/\/lers.pro.br\/index.php?rest_route=\/wp\/v2\/posts\/1054","targetHints":{"allow":["GET"]}}],"collection":[{"href":"https:\/\/lers.pro.br\/index.php?rest_route=\/wp\/v2\/posts"}],"about":[{"href":"https:\/\/lers.pro.br\/index.php?rest_route=\/wp\/v2\/types\/post"}],"author":[{"embeddable":true,"href":"https:\/\/lers.pro.br\/index.php?rest_route=\/wp\/v2\/users\/1"}],"replies":[{"embeddable":true,"href":"https:\/\/lers.pro.br\/index.php?rest_route=%2Fwp%2Fv2%2Fcomments&post=1054"}],"version-history":[{"count":1,"href":"https:\/\/lers.pro.br\/index.php?rest_route=\/wp\/v2\/posts\/1054\/revisions"}],"predecessor-version":[{"id":1056,"href":"https:\/\/lers.pro.br\/index.php?rest_route=\/wp\/v2\/posts\/1054\/revisions\/1056"}],"wp:featuredmedia":[{"embeddable":true,"href":"https:\/\/lers.pro.br\/index.php?rest_route=\/wp\/v2\/media\/1055"}],"wp:attachment":[{"href":"https:\/\/lers.pro.br\/index.php?rest_route=%2Fwp%2Fv2%2Fmedia&parent=1054"}],"wp:term":[{"taxonomy":"category","embeddable":true,"href":"https:\/\/lers.pro.br\/index.php?rest_route=%2Fwp%2Fv2%2Fcategories&post=1054"},{"taxonomy":"post_tag","embeddable":true,"href":"https:\/\/lers.pro.br\/index.php?rest_route=%2Fwp%2Fv2%2Ftags&post=1054"}],"curies":[{"name":"wp","href":"https:\/\/api.w.org\/{rel}","templated":true}]}}