{"id":1414,"date":"2025-08-18T07:16:17","date_gmt":"2025-08-18T10:16:17","guid":{"rendered":"https:\/\/lers.pro.br\/?p=1414"},"modified":"2025-08-18T20:45:03","modified_gmt":"2025-08-18T23:45:03","slug":"bem-vindos-ao-google-sala-de-aula","status":"publish","type":"post","link":"https:\/\/lers.pro.br\/?p=1414","title":{"rendered":"Bem-vindos ao Google sala de aula"},"content":{"rendered":"<p class=\"has-text-align-justify has-text-align-justify\">Caros estudantes do 9\u00ba ano da Escola de Ensino Fundamental Pel\u00fasio Correia de Macedo, \u00e9 com grande entusiasmo que convido voc\u00eas a participarem da nossa <strong>sala de aula virtual de L\u00edngua Portuguesa<\/strong> no <strong>Google Sala de Aula (Google Classroom)<\/strong>!<\/p><h4 class=\"wp-block-heading\">Por que usar o Google Sala de Aula?<\/h4><p class=\"has-text-align-justify has-text-align-justify\">O Google Sala de Aula \u00e9 uma ferramenta revolucion\u00e1ria que transformar\u00e1 nossa experi\u00eancia de aprendizado. Esta plataforma oferece uma <strong>organiza\u00e7\u00e3o impec\u00e1vel<\/strong> de todo o conte\u00fado da disciplina, permitindo que voc\u00eas tenham acesso completo e permanente a:<\/p><ul class=\"wp-block-list\"><li><strong>Materiais did\u00e1ticos<\/strong> organizados por temas e unidades;<\/li>\n\n<li><strong>Atividades e exerc\u00edcios<\/strong> com prazos claros e lembretes autom\u00e1ticos;<\/li>\n\n<li><strong>Textos complementares<\/strong> e recursos de apoio;<\/li>\n\n<li><strong>Feedback personalizado<\/strong> das atividades realizadas;<\/li>\n\n<li><strong>Comunica\u00e7\u00e3o direta<\/strong> com o professor e colegas;<\/li>\n\n<li><strong>Hist\u00f3rico completo<\/strong> de todo o conte\u00fado trabalhado durante o ano;<\/li>\n\n<li><strong>V\u00eddeos, imagens e sites<\/strong> que n\u00e3o podem ser compartilhados na lousa tradicional.<\/li><\/ul><h4 class=\"wp-block-heading\">Vantagens do acesso perene<\/h4><p>Uma das maiores vantagens desta ferramenta \u00e9 o <strong>acesso permanente<\/strong> ao conte\u00fado. Isso significa que voc\u00eas poder\u00e3o:<\/p><p>\u2713 Revisar materiais a qualquer momento, mesmo ap\u00f3s o t\u00e9rmino do ano letivo<br>\u2713 Acessar o conte\u00fado de qualquer dispositivo conectado \u00e0 internet<br>\u2713 Recuperar atividades e materiais caso percam alguma aula<br>\u2713 Ter um portf\u00f3lio digital completo dos seus estudos em L\u00edngua Portuguesa<br>\u2713 Preparar-se melhor para avalia\u00e7\u00f5es e vestibulares futuros<\/p><h4 class=\"wp-block-heading\">Como participar<\/h4><p class=\"has-text-align-justify has-text-align-justify\">Para ingressar em nossa sala virtual, voc\u00eas receber\u00e3o um <strong>c\u00f3digo de acesso<\/strong> que dever\u00e1 ser inserido na plataforma. Certifiquem-se de usar o e-mail escolar fornecido pela institui\u00e7\u00e3o.<\/p><h4 class=\"wp-block-heading\">Organiza\u00e7\u00e3o e praticidade<\/h4><p class=\"has-text-align-justify has-text-align-justify\">O Google Sala de Aula organizar\u00e1 automaticamente nosso conte\u00fado em categorias claras, facilitando a localiza\u00e7\u00e3o de materiais espec\u00edficos. Al\u00e9m disso, voc\u00eas receber\u00e3o notifica\u00e7\u00f5es sobre novas atividades, prazos e comunicados importantes. Essa ferramenta representa um passo importante rumo \u00e0 <strong>educa\u00e7\u00e3o digital moderna<\/strong>, preparando voc\u00eas para os desafios acad\u00eamicos futuros e desenvolvendo compet\u00eancias tecnol\u00f3gicas essenciais.<\/p><h4 class=\"wp-block-heading has-text-align-justify\">Como fazer<\/h4><p>Acesse o link:<\/p><p><a href=\"https:\/\/classroom.google.com\/c\/NzkxMjQzOTU2MTcx?cjc=megmnmqd\" target=\"_blank\" rel=\"noreferrer noopener\">https:\/\/classroom.google.com\/c\/NzkxMjQzOTU2MTcx?cjc=megmnmqd<\/a><\/p><p>Utilize o c\u00f3digo de acesso:<\/p><h4 class=\"wp-block-heading has-text-align-center\">megmnmqd<\/h4><p><\/p><p class=\"has-text-align-justify has-text-align-justify\">Juntos, faremos do aprendizado de L\u00edngua Portuguesa uma experi\u00eancia ainda mais rica e organizada! Aguardo todos voc\u00eas em nossa sala virtual. Qualquer d\u00favida, estarei dispon\u00edvel para orienta\u00e7\u00f5es.<\/p><hr class=\"wp-block-separator has-alpha-channel-opacity\"\/><p class=\"has-text-align-right\"><em><strong>Professor Rodrigo N\u00f3brega Martins.<\/strong><br><strong>Escola de Ensino Fundamental Pel\u00fasio Correia de Macedo<\/strong><\/em><\/p><p><\/p>","protected":false},"excerpt":{"rendered":"<p>Caros estudantes do 9\u00ba ano da Escola de Ensino Fundamental Pel\u00fasio Correia de Macedo, \u00e9 com grande entusiasmo que convido voc\u00eas a participarem da nossa sala de aula virtual de L\u00edngua Portuguesa no Google Sala de Aula (Google Classroom)! Por que usar o Google Sala de Aula? O Google Sala de Aula \u00e9 uma ferramenta&#8230;<\/p>\n","protected":false},"author":1,"featured_media":1415,"comment_status":"open","ping_status":"open","sticky":false,"template":"","format":"standard","meta":{"_editorskit_title_hidden":false,"_editorskit_reading_time":0,"_editorskit_is_block_options_detached":false,"_editorskit_block_options_position":"{}","_uag_custom_page_level_css":"","footnotes":""},"categories":[831],"tags":[],"class_list":["post-1414","post","type-post","status-publish","format-standard","has-post-thumbnail","hentry","category-escolas"],"uagb_featured_image_src":{"full":["https:\/\/lers.pro.br\/wp-content\/uploads\/2025\/08\/banner_ClassRoom_News.jpg",1200,960,false],"thumbnail":["https:\/\/lers.pro.br\/wp-content\/uploads\/2025\/08\/banner_ClassRoom_News-150x150.jpg",150,150,true],"medium":["https:\/\/lers.pro.br\/wp-content\/uploads\/2025\/08\/banner_ClassRoom_News-300x240.jpg",300,240,true],"medium_large":["https:\/\/lers.pro.br\/wp-content\/uploads\/2025\/08\/banner_ClassRoom_News-768x614.jpg",640,512,true],"large":["https:\/\/lers.pro.br\/wp-content\/uploads\/2025\/08\/banner_ClassRoom_News-1024x819.jpg",640,512,true],"1536x1536":["https:\/\/lers.pro.br\/wp-content\/uploads\/2025\/08\/banner_ClassRoom_News.jpg",1200,960,false],"2048x2048":["https:\/\/lers.pro.br\/wp-content\/uploads\/2025\/08\/banner_ClassRoom_News.jpg",1200,960,false],"depicter-thumbnail":["https:\/\/lers.pro.br\/wp-content\/uploads\/2025\/08\/banner_ClassRoom_News-200x160.jpg",200,160,true],"news-event-featured":["https:\/\/lers.pro.br\/wp-content\/uploads\/2025\/08\/banner_ClassRoom_News.jpg",875,700,false],"news-event-list":["https:\/\/lers.pro.br\/wp-content\/uploads\/2025\/08\/banner_ClassRoom_News.jpg",500,400,false],"news-event-thumb":["https:\/\/lers.pro.br\/wp-content\/uploads\/2025\/08\/banner_ClassRoom_News.jpg",250,200,false],"news-event-small":["https:\/\/lers.pro.br\/wp-content\/uploads\/2025\/08\/banner_ClassRoom_News.jpg",119,95,false],"news-event-grid":["https:\/\/lers.pro.br\/wp-content\/uploads\/2025\/08\/banner_ClassRoom_News.jpg",313,250,false],"woocommerce_thumbnail":["https:\/\/lers.pro.br\/wp-content\/uploads\/2025\/08\/banner_ClassRoom_News-300x240.jpg",300,240,true],"woocommerce_single":["https:\/\/lers.pro.br\/wp-content\/uploads\/2025\/08\/banner_ClassRoom_News-615x492.jpg",615,492,true],"woocommerce_gallery_thumbnail":["https:\/\/lers.pro.br\/wp-content\/uploads\/2025\/08\/banner_ClassRoom_News-100x100.jpg",100,100,true]},"uagb_author_info":{"display_name":"rodrigo.nmartins97","author_link":"https:\/\/lers.pro.br\/?author=1"},"uagb_comment_info":3,"uagb_excerpt":"Caros estudantes do 9\u00ba ano da Escola de Ensino Fundamental Pel\u00fasio Correia de Macedo, \u00e9 com grande entusiasmo que convido voc\u00eas a participarem da nossa sala de aula virtual de L\u00edngua Portuguesa no Google Sala de Aula (Google Classroom)! Por que usar o Google Sala de Aula? O Google Sala de Aula \u00e9 uma ferramenta...","_links":{"self":[{"href":"https:\/\/lers.pro.br\/index.php?rest_route=\/wp\/v2\/posts\/1414","targetHints":{"allow":["GET"]}}],"collection":[{"href":"https:\/\/lers.pro.br\/index.php?rest_route=\/wp\/v2\/posts"}],"about":[{"href":"https:\/\/lers.pro.br\/index.php?rest_route=\/wp\/v2\/types\/post"}],"author":[{"embeddable":true,"href":"https:\/\/lers.pro.br\/index.php?rest_route=\/wp\/v2\/users\/1"}],"replies":[{"embeddable":true,"href":"https:\/\/lers.pro.br\/index.php?rest_route=%2Fwp%2Fv2%2Fcomments&post=1414"}],"version-history":[{"count":5,"href":"https:\/\/lers.pro.br\/index.php?rest_route=\/wp\/v2\/posts\/1414\/revisions"}],"predecessor-version":[{"id":1420,"href":"https:\/\/lers.pro.br\/index.php?rest_route=\/wp\/v2\/posts\/1414\/revisions\/1420"}],"wp:featuredmedia":[{"embeddable":true,"href":"https:\/\/lers.pro.br\/index.php?rest_route=\/wp\/v2\/media\/1415"}],"wp:attachment":[{"href":"https:\/\/lers.pro.br\/index.php?rest_route=%2Fwp%2Fv2%2Fmedia&parent=1414"}],"wp:term":[{"taxonomy":"category","embeddable":true,"href":"https:\/\/lers.pro.br\/index.php?rest_route=%2Fwp%2Fv2%2Fcategories&post=1414"},{"taxonomy":"post_tag","embeddable":true,"href":"https:\/\/lers.pro.br\/index.php?rest_route=%2Fwp%2Fv2%2Ftags&post=1414"}],"curies":[{"name":"wp","href":"https:\/\/api.w.org\/{rel}","templated":true}]}}