{"id":1498,"date":"2025-11-21T10:46:32","date_gmt":"2025-11-21T13:46:32","guid":{"rendered":"https:\/\/lers.pro.br\/?p=1498"},"modified":"2026-02-14T01:56:14","modified_gmt":"2026-02-14T04:56:14","slug":"luciola-entre-amor-culpa-pureza-e-pecado","status":"publish","type":"post","link":"https:\/\/lers.pro.br\/?p=1498","title":{"rendered":"Luc\u00edola: entre amor, culpa, pureza e pecado"},"content":{"rendered":"<p class=\"has-text-align-left\"><em>Por Ana Clara Bento<\/em> <\/p><p class=\"has-drop-cap has-text-align-justify has-text-align-justify\">Publicado em 1862, Luc\u00edola \u00e9 um dos mais not\u00e1veis romances urbanos de Jos\u00e9 de Alencar, considerado o fundador do romance brasileiro moderno. Esta obra \u00e9 marcada por uma profunda observa\u00e7\u00e3o da sociedade brasileira e pela tentativa de construir uma identidade nacional. Paulo \u00e9 um rapaz idealista e rom\u00e2ntico que se muda para o Rio de Janeiro e por acaso conhece L\u00facia, uma cortes\u00e3 esperta e observadora que vive marcada pelo sofrimento e pela culpa, buscando reden\u00e7\u00e3o por meio do amor. L\u00facia e Paulo acabam se envolvendo em uma hist\u00f3ria de romance conturbada e intensa. O relacionamento entre os dois vai al\u00e9m do desejo e revela um profundo debate entre amor, culpa, pureza e pecado.    <\/p><figure class=\"wp-block-gallery has-nested-images columns-default is-cropped wp-block-gallery-1 is-layout-flex wp-block-gallery-is-layout-flex\"><figure class=\"wp-block-image size-large\"><img loading=\"lazy\" decoding=\"async\" width=\"667\" height=\"1000\" data-id=\"1504\" src=\"https:\/\/lers.pro.br\/wp-content\/uploads\/2025\/11\/617wC0u9UjL._AC_UF10001000_QL80_.jpg\" alt=\"\" class=\"wp-image-1504\" srcset=\"https:\/\/lers.pro.br\/wp-content\/uploads\/2025\/11\/617wC0u9UjL._AC_UF10001000_QL80_.jpg 667w, https:\/\/lers.pro.br\/wp-content\/uploads\/2025\/11\/617wC0u9UjL._AC_UF10001000_QL80_-200x300.jpg 200w, https:\/\/lers.pro.br\/wp-content\/uploads\/2025\/11\/617wC0u9UjL._AC_UF10001000_QL80_-300x450.jpg 300w, https:\/\/lers.pro.br\/wp-content\/uploads\/2025\/11\/617wC0u9UjL._AC_UF10001000_QL80_-615x922.jpg 615w\" sizes=\"auto, (max-width: 667px) 100vw, 667px\" \/><figcaption class=\"wp-element-caption\">Edi\u00e7\u00e3o recente de &#8220;Luc\u00edola&#8221;.<\/figcaption><\/figure>\n\n<figure class=\"wp-block-image size-large\"><img loading=\"lazy\" decoding=\"async\" width=\"685\" height=\"1000\" data-id=\"1506\" src=\"https:\/\/lers.pro.br\/wp-content\/uploads\/2025\/11\/61PNrpfOmL._AC_UF10001000_QL80_.jpg\" alt=\"\" class=\"wp-image-1506\" srcset=\"https:\/\/lers.pro.br\/wp-content\/uploads\/2025\/11\/61PNrpfOmL._AC_UF10001000_QL80_.jpg 685w, https:\/\/lers.pro.br\/wp-content\/uploads\/2025\/11\/61PNrpfOmL._AC_UF10001000_QL80_-206x300.jpg 206w, https:\/\/lers.pro.br\/wp-content\/uploads\/2025\/11\/61PNrpfOmL._AC_UF10001000_QL80_-200x292.jpg 200w, https:\/\/lers.pro.br\/wp-content\/uploads\/2025\/11\/61PNrpfOmL._AC_UF10001000_QL80_-300x438.jpg 300w, https:\/\/lers.pro.br\/wp-content\/uploads\/2025\/11\/61PNrpfOmL._AC_UF10001000_QL80_-615x898.jpg 615w\" sizes=\"auto, (max-width: 685px) 100vw, 685px\" \/><figcaption class=\"wp-element-caption\">Cole\u00e7\u00e3o &#8220;Grandes mestres&#8230;&#8221;<\/figcaption><\/figure>\n\n<figure class=\"wp-block-image size-large\" style=\"margin-top:0;margin-bottom:0\"><img loading=\"lazy\" decoding=\"async\" width=\"480\" height=\"740\" data-id=\"1505\" src=\"https:\/\/lers.pro.br\/wp-content\/uploads\/2025\/11\/ab529c_b1c795a52a684784aea3b9c51cd0c3e6mv2.avif\" alt=\"\" class=\"wp-image-1505\" srcset=\"https:\/\/lers.pro.br\/wp-content\/uploads\/2025\/11\/ab529c_b1c795a52a684784aea3b9c51cd0c3e6mv2.avif 480w, https:\/\/lers.pro.br\/wp-content\/uploads\/2025\/11\/ab529c_b1c795a52a684784aea3b9c51cd0c3e6mv2-195x300.avif 195w, https:\/\/lers.pro.br\/wp-content\/uploads\/2025\/11\/ab529c_b1c795a52a684784aea3b9c51cd0c3e6mv2-200x308.avif 200w, https:\/\/lers.pro.br\/wp-content\/uploads\/2025\/11\/ab529c_b1c795a52a684784aea3b9c51cd0c3e6mv2-300x463.avif 300w\" sizes=\"auto, (max-width: 480px) 100vw, 480px\" \/><figcaption class=\"wp-element-caption\">Edi\u00e7\u00e3o da d\u00e9cada de 1980.<\/figcaption><\/figure><\/figure><p class=\"has-text-align-justify has-text-align-justify\">L\u00facia e Paulo acabam se envolvendo em uma hist\u00f3ria de romance conturbada e intensa. O relacionamento entre os dois vai al\u00e9m do desejo e revela um profundo debate entre amor, culpa, pureza e pecado. Jos\u00e9 de Alencar constr\u00f3i uma narrativa cheia de conflitos. <\/p><div style=\"height:51px\" aria-hidden=\"true\" class=\"wp-block-spacer\"><\/div><h4 class=\"wp-block-heading\">Voc\u00ea sabe o que \u00e9 uma cortes\u00e3?<\/h4><p class=\"has-drop-cap has-text-align-justify has-text-align-justify\">O termo &#8220;cortes\u00e3&#8221; tem uma origem hist\u00f3rica e um significado que pode ser explorado tanto do ponto de vista social quanto lingu\u00edstico. Para alunos do ensino m\u00e9dio, entender sua etimologia e uso ajuda a compreender n\u00e3o apenas a palavra, mas tamb\u00e9m aspectos da cultura e da sociedade europeia antiga. &#8220;Cortes\u00e3&#8221; \u00e9 um substantivo feminino usado historicamente para designar uma mulher que mantinha rela\u00e7\u00f5es \u00edntimas com nobres ou homens de alto poder aquisitivo, normalmente associada \u00e0 corte real. Diferentemente da prostituta comum, a cortes\u00e3 tinha geralmente refinamento cultural, educa\u00e7\u00e3o e habilidades sociais, o que a permitia influenciar e frequentar c\u00edrculos de poder. Em muitos casos, uma cortes\u00e3 podia atuar como conselheira informal de seus parceiros, al\u00e9m de companheira.<\/p><div style=\"height:51px\" aria-hidden=\"true\" class=\"wp-block-spacer\"><\/div><h4 class=\"wp-block-heading\">Etimologia<\/h4><p class=\"has-drop-cap has-text-align-justify has-text-align-justify\">A palavra &#8220;cortes\u00e3&#8221; vem do italiano &#8220;<em>cortigiana<\/em>&#8220;, que deriva do latim &#8220;<em>cohors<\/em>, <em>cohortis<\/em>&#8220;, significando &#8220;corte&#8221;, ou seja, o c\u00edrculo de pessoas pr\u00f3ximas \u00e0 realeza ou \u00e0 sede do governo. Originalmente, o termo estava ligado \u00e0 ideia de pessoas que viviam ou frequentavam a corte, mas com o tempo passou a descrever mulheres que mantinham rela\u00e7\u00f5es com pessoas influentes, combinando atributos de companheira e amante. Com o passar do tempo, &#8220;cortes\u00e3&#8221; outros significados em contextos hist\u00f3ricos ou liter\u00e1rios, referindo-se \u00e0 mulher que exercia esse papel durante per\u00edodos como o Renascimento europeu. O termo carrega, em certas ocasi\u00f5es, conota\u00e7\u00f5es negativas por associar a mulher \u00e0 prostitui\u00e7\u00e3o de luxo.<\/p><div style=\"height:51px\" aria-hidden=\"true\" class=\"wp-block-spacer\"><\/div><h4 class=\"wp-block-heading\">Voc\u00ea sabe quem foi Jos\u00e9 de Alencar?<\/h4><figure class=\"wp-block-gallery has-nested-images columns-default is-cropped wp-block-gallery-2 is-layout-flex wp-block-gallery-is-layout-flex\"><figure class=\"wp-block-image size-large\"><img loading=\"lazy\" decoding=\"async\" width=\"768\" height=\"512\" data-id=\"1509\" src=\"https:\/\/lers.pro.br\/wp-content\/uploads\/2025\/11\/4457a65d-167d-4000-9950-66a61c814a5e.jpeg\" alt=\"\" class=\"wp-image-1509\" srcset=\"https:\/\/lers.pro.br\/wp-content\/uploads\/2025\/11\/4457a65d-167d-4000-9950-66a61c814a5e.jpeg 768w, https:\/\/lers.pro.br\/wp-content\/uploads\/2025\/11\/4457a65d-167d-4000-9950-66a61c814a5e-300x200.jpeg 300w, https:\/\/lers.pro.br\/wp-content\/uploads\/2025\/11\/4457a65d-167d-4000-9950-66a61c814a5e-200x133.jpeg 200w, https:\/\/lers.pro.br\/wp-content\/uploads\/2025\/11\/4457a65d-167d-4000-9950-66a61c814a5e-615x410.jpeg 615w\" sizes=\"auto, (max-width: 768px) 100vw, 768px\" \/><figcaption class=\"wp-element-caption\">Jos\u00e9 de Alencar.<\/figcaption><\/figure><\/figure><p class=\"has-drop-cap has-text-align-justify has-text-align-justify\">Jos\u00e9 de Alencar foi um dos escritores mais importantes do Romantismo brasileiro e \u00e9 considerado um dos fundadores da literatura nacional. Nascido em 1829, em Messejana, no Cear\u00e1, ele se destacou como romancista, cronista, dramaturgo e tamb\u00e9m pol\u00edtico. Formou-se em Direito e trabalhou como advogado e deputado, mas foi na literatura que se tornou uma figura marcante da cultura do Brasil.<\/p><p class=\"has-text-align-justify has-text-align-justify\">Alencar acreditava que o pa\u00eds precisava de uma identidade pr\u00f3pria na arte e na literatura, diferente da influ\u00eancia europeia. Por isso, dedicou-se a criar obras que mostrassem o Brasil, com suas paisagens, povos e costumes. Ele foi um dos primeiros a valorizar o ind\u00edgena como her\u00f3i nacional, retratando-o como s\u00edmbolo da pureza e da bravura do povo brasileiro. Esse ideal aparece em romances como&nbsp;<em>O Guarani<\/em>,&nbsp;<em>Iracema<\/em>&nbsp;e&nbsp;<em>Ubirajara<\/em>, conhecidos como seus \u201cromances indianistas\u201d.<\/p><p class=\"has-text-align-justify has-text-align-justify\">Al\u00e9m desses, Jos\u00e9 de Alencar tamb\u00e9m escreveu obras urbanas, como&nbsp;<em>Senhora<\/em>&nbsp;e&nbsp;<em>Luc\u00edola<\/em>, em que descreve a sociedade do Rio de Janeiro do s\u00e9culo XIX, com suas contradi\u00e7\u00f5es, amores e apar\u00eancias. Nessas hist\u00f3rias, ele explorou o modo de vida da elite e o papel da mulher na sociedade da \u00e9poca. Jos\u00e9 de Alencar morreu em 1877, no Rio de Janeiro, mas deixou um legado. Seu trabalho ajudou a construir uma literatura genuinamente brasileira, que valorizasse as ra\u00edzes, os tipos humanos e as paisagens do pa\u00eds. Por isso, ele \u00e9 lembrado at\u00e9 hoje como um dos grandes nomes da literatura nacional.<\/p><div style=\"height:51px\" aria-hidden=\"true\" class=\"wp-block-spacer\"><\/div><h4 class=\"wp-block-heading\">Na telinha!<\/h4><figure class=\"wp-block-gallery has-nested-images columns-default is-cropped wp-block-gallery-3 is-layout-flex wp-block-gallery-is-layout-flex\"><figure class=\"wp-block-image size-large is-style-default\"><img loading=\"lazy\" decoding=\"async\" width=\"600\" height=\"400\" data-id=\"1512\" src=\"https:\/\/lers.pro.br\/wp-content\/uploads\/2025\/11\/image-2.webp\" alt=\"\" class=\"wp-image-1512\" srcset=\"https:\/\/lers.pro.br\/wp-content\/uploads\/2025\/11\/image-2.webp 600w, https:\/\/lers.pro.br\/wp-content\/uploads\/2025\/11\/image-2-300x200.webp 300w, https:\/\/lers.pro.br\/wp-content\/uploads\/2025\/11\/image-2-200x133.webp 200w\" sizes=\"auto, (max-width: 600px) 100vw, 600px\" \/><figcaption class=\"wp-element-caption\">&#8220;Essas Mulheres&#8221;, Rede Record.<\/figcaption><\/figure>\n\n<figure class=\"wp-block-image size-large\"><img loading=\"lazy\" decoding=\"async\" width=\"600\" height=\"462\" data-id=\"1511\" src=\"https:\/\/lers.pro.br\/wp-content\/uploads\/2025\/11\/a-padroeira-murilo-rosa-othon-bastos-e-mariana-ximenes-tv-globo.webp\" alt=\"\" class=\"wp-image-1511\" srcset=\"https:\/\/lers.pro.br\/wp-content\/uploads\/2025\/11\/a-padroeira-murilo-rosa-othon-bastos-e-mariana-ximenes-tv-globo.webp 600w, https:\/\/lers.pro.br\/wp-content\/uploads\/2025\/11\/a-padroeira-murilo-rosa-othon-bastos-e-mariana-ximenes-tv-globo-300x231.webp 300w, https:\/\/lers.pro.br\/wp-content\/uploads\/2025\/11\/a-padroeira-murilo-rosa-othon-bastos-e-mariana-ximenes-tv-globo-200x154.webp 200w\" sizes=\"auto, (max-width: 600px) 100vw, 600px\" \/><figcaption class=\"wp-element-caption\">&#8220;A padroeira&#8221;, Rede Globo.<\/figcaption><\/figure><\/figure><p class=\"has-text-align-justify has-text-align-justify\">As obras de Jos\u00e9 de Alencar inspiraram v\u00e1rias produ\u00e7\u00f5es da televis\u00e3o brasileira. A novela&nbsp;<em>A Padroeira<\/em>, exibida pela Rede Globo em 2001, foi baseada no romance&nbsp;<em>As Minas de Prata<\/em>, de Alencar, que retrata aventuras e intrigas na \u00e9poca colonial do Brasil. J\u00e1 a novela&nbsp;<em>Essas Mulheres<\/em>, exibida pela Record TV em 2005, foi inspirada em tr\u00eas romances do mesmo autor:&nbsp;<em>Luc\u00edola<\/em>,&nbsp;<em>Senhora<\/em>&nbsp;e&nbsp;<em>Diva<\/em>. Nessas hist\u00f3rias, Alencar retrata as paix\u00f5es, os dilemas e os pap\u00e9is da mulher na sociedade do s\u00e9culo XIX, temas que continuam atuais e fascinantes.<\/p><div class=\"wp-block-uagb-info-box uagb-block-81d3047d uagb-infobox__content-wrap  uagb-infobox-icon-above-title uagb-infobox-image-valign-top\"><div class=\"uagb-ifb-content\"><div class=\"uagb-ifb-icon-wrap\"><svg xmlns=\"https:\/\/www.w3.org\/2000\/svg\" viewBox=\"0 0 512 512\"><path d=\"M0 256C0 114.6 114.6 0 256 0C397.4 0 512 114.6 512 256C512 397.4 397.4 512 256 512C114.6 512 0 397.4 0 256zM371.8 211.8C382.7 200.9 382.7 183.1 371.8 172.2C360.9 161.3 343.1 161.3 332.2 172.2L224 280.4L179.8 236.2C168.9 225.3 151.1 225.3 140.2 236.2C129.3 247.1 129.3 264.9 140.2 275.8L204.2 339.8C215.1 350.7 232.9 350.7 243.8 339.8L371.8 211.8z\"><\/path><\/svg><\/div><div class=\"uagb-ifb-title-wrap\"><h3 class=\"uagb-ifb-title\">Fique sabendo!<\/h3><\/div><p class=\"uagb-ifb-desc\">Ana Clara \u00e9 estudante do 9o. ano da Escola de Ensino Fundamental Pel\u00fasio Correia de Mac\u00eado.<\/p><\/div><\/div><p><\/p>","protected":false},"excerpt":{"rendered":"<p>Por Ana Clara Bento, estudante do 9o. ano da Escola de Ensino Fundamental Pel\u00fasio Correia de Mac\u00eado.<\/p>\n","protected":false},"author":1,"featured_media":1701,"comment_status":"open","ping_status":"open","sticky":false,"template":"","format":"standard","meta":{"_editorskit_title_hidden":false,"_editorskit_reading_time":0,"_editorskit_is_block_options_detached":false,"_editorskit_block_options_position":"{}","_uag_custom_page_level_css":"","footnotes":""},"categories":[772,785],"tags":[],"class_list":["post-1498","post","type-post","status-publish","format-standard","has-post-thumbnail","hentry","category-literatura","category-textos-dos-estudantes"],"uagb_featured_image_src":{"full":["https:\/\/lers.pro.br\/wp-content\/uploads\/2025\/11\/LUCIOLA.png",500,500,false],"thumbnail":["https:\/\/lers.pro.br\/wp-content\/uploads\/2025\/11\/LUCIOLA-150x150.png",150,150,true],"medium":["https:\/\/lers.pro.br\/wp-content\/uploads\/2025\/11\/LUCIOLA-300x300.png",300,300,true],"medium_large":["https:\/\/lers.pro.br\/wp-content\/uploads\/2025\/11\/LUCIOLA.png",500,500,false],"large":["https:\/\/lers.pro.br\/wp-content\/uploads\/2025\/11\/LUCIOLA.png",500,500,false],"1536x1536":["https:\/\/lers.pro.br\/wp-content\/uploads\/2025\/11\/LUCIOLA.png",500,500,false],"2048x2048":["https:\/\/lers.pro.br\/wp-content\/uploads\/2025\/11\/LUCIOLA.png",500,500,false],"depicter-thumbnail":["https:\/\/lers.pro.br\/wp-content\/uploads\/2025\/11\/LUCIOLA-200x200.png",200,200,true],"news-event-featured":["https:\/\/lers.pro.br\/wp-content\/uploads\/2025\/11\/LUCIOLA.png",500,500,false],"news-event-list":["https:\/\/lers.pro.br\/wp-content\/uploads\/2025\/11\/LUCIOLA-500x400.png",500,400,true],"news-event-thumb":["https:\/\/lers.pro.br\/wp-content\/uploads\/2025\/11\/LUCIOLA-300x200.png",300,200,true],"news-event-small":["https:\/\/lers.pro.br\/wp-content\/uploads\/2025\/11\/LUCIOLA-150x95.png",150,95,true],"news-event-grid":["https:\/\/lers.pro.br\/wp-content\/uploads\/2025\/11\/LUCIOLA-400x250.png",400,250,true],"woocommerce_thumbnail":["https:\/\/lers.pro.br\/wp-content\/uploads\/2025\/11\/LUCIOLA-300x300.png",300,300,true],"woocommerce_single":["https:\/\/lers.pro.br\/wp-content\/uploads\/2025\/11\/LUCIOLA.png",500,500,false],"woocommerce_gallery_thumbnail":["https:\/\/lers.pro.br\/wp-content\/uploads\/2025\/11\/LUCIOLA-100x100.png",100,100,true]},"uagb_author_info":{"display_name":"rodrigo.nmartins97","author_link":"https:\/\/lers.pro.br\/?author=1"},"uagb_comment_info":16,"uagb_excerpt":"Por Ana Clara Bento, estudante do 9o. ano da Escola de Ensino Fundamental Pel\u00fasio Correia de Mac\u00eado.","_links":{"self":[{"href":"https:\/\/lers.pro.br\/index.php?rest_route=\/wp\/v2\/posts\/1498","targetHints":{"allow":["GET"]}}],"collection":[{"href":"https:\/\/lers.pro.br\/index.php?rest_route=\/wp\/v2\/posts"}],"about":[{"href":"https:\/\/lers.pro.br\/index.php?rest_route=\/wp\/v2\/types\/post"}],"author":[{"embeddable":true,"href":"https:\/\/lers.pro.br\/index.php?rest_route=\/wp\/v2\/users\/1"}],"replies":[{"embeddable":true,"href":"https:\/\/lers.pro.br\/index.php?rest_route=%2Fwp%2Fv2%2Fcomments&post=1498"}],"version-history":[{"count":17,"href":"https:\/\/lers.pro.br\/index.php?rest_route=\/wp\/v2\/posts\/1498\/revisions"}],"predecessor-version":[{"id":1708,"href":"https:\/\/lers.pro.br\/index.php?rest_route=\/wp\/v2\/posts\/1498\/revisions\/1708"}],"wp:featuredmedia":[{"embeddable":true,"href":"https:\/\/lers.pro.br\/index.php?rest_route=\/wp\/v2\/media\/1701"}],"wp:attachment":[{"href":"https:\/\/lers.pro.br\/index.php?rest_route=%2Fwp%2Fv2%2Fmedia&parent=1498"}],"wp:term":[{"taxonomy":"category","embeddable":true,"href":"https:\/\/lers.pro.br\/index.php?rest_route=%2Fwp%2Fv2%2Fcategories&post=1498"},{"taxonomy":"post_tag","embeddable":true,"href":"https:\/\/lers.pro.br\/index.php?rest_route=%2Fwp%2Fv2%2Ftags&post=1498"}],"curies":[{"name":"wp","href":"https:\/\/api.w.org\/{rel}","templated":true}]}}