{"id":1521,"date":"2025-12-03T20:27:00","date_gmt":"2025-12-03T23:27:00","guid":{"rendered":"https:\/\/lers.pro.br\/?p=1521"},"modified":"2025-12-03T20:32:40","modified_gmt":"2025-12-03T23:32:40","slug":"o-problema-do-desperdicio-de-alimentos-no-brasil-causas-e-consequencias","status":"publish","type":"post","link":"https:\/\/lers.pro.br\/?p=1521","title":{"rendered":"O problema do desperd\u00edcio de alimentos no Brasil: causas e consequ\u00eancias"},"content":{"rendered":"<p class=\"has-text-align-justify has-vivid-red-color has-text-color has-link-color wp-elements-27fcbf6970acabeffc182caebfcbb39a\"><sub><em>Em um momento em que milh\u00f5es de brasileiros vivem em situa\u00e7\u00e3o de fome, milh\u00f5es de toneladas de alimento s\u00e3o desperdi\u00e7adas. Medidas t\u00e3o objetivas e urgentes s\u00e3o necess\u00e1rias.<\/em><\/sub><\/p><p><em><sub>Por Maria Geysa Nunes<\/sub><\/em><\/p><p class=\"has-text-align-justify has-text-align-justify\">O desperd\u00edcio de alimentos sempre um foi um problema preocupante nas sociedades modernas. No entanto, com o passar dos anos, os \u00edndices de perda de alimentos por motivos banais cresceu de forma avassaladora. Entre os principais motivos, destaca-se o consumismo, muito embora n\u00e3o seja o \u00fanico. Seja como for, esta \u00e9 uma quest\u00e3o cada vez mais preocupante. Por isso, \u00e9 de extrema import\u00e2ncia analisar suas causas e consequ\u00eancias sociais a fim de encontrar solu\u00e7\u00f5es objetivas.<\/p><p class=\"has-text-align-justify has-text-align-justify\">Este assunto, embora pare\u00e7a simples e banal no dia a dia, em larga escala torna-se um ato grave. Al\u00e9m de gerar um grande ac\u00famulo de lixo org\u00e2nico, cria um ciclo indesejado no qual alguns possuem e desperdi\u00e7am enquanto milh\u00f5es de cidad\u00e3os morrem de fome. <\/p><figure class=\"wp-block-gallery has-nested-images columns-default is-cropped wp-block-gallery-1 is-layout-flex wp-block-gallery-is-layout-flex\"><div class=\"wp-block-image\"><figure class=\"aligncenter size-large has-custom-border\" style=\"margin-right:0;margin-left:0\"><img loading=\"lazy\" decoding=\"async\" width=\"637\" height=\"325\" data-id=\"1528\" src=\"https:\/\/lers.pro.br\/wp-content\/uploads\/2025\/12\/fao.jpg\" alt=\"\" class=\"wp-image-1528\" style=\"border-width:2px\" srcset=\"https:\/\/lers.pro.br\/wp-content\/uploads\/2025\/12\/fao.jpg 637w, https:\/\/lers.pro.br\/wp-content\/uploads\/2025\/12\/fao-300x153.jpg 300w, https:\/\/lers.pro.br\/wp-content\/uploads\/2025\/12\/fao-200x102.jpg 200w, https:\/\/lers.pro.br\/wp-content\/uploads\/2025\/12\/fao-615x314.jpg 615w\" sizes=\"auto, (max-width: 637px) 100vw, 637px\" \/><figcaption class=\"wp-element-caption\">A FAO,\u00a0Organiza\u00e7\u00e3o das Na\u00e7\u00f5es Unidas para a Alimenta\u00e7\u00e3o e a Agricultura, trabalha para erradicar a fome, combater a inseguran\u00e7a alimentar e promover a agricultura sustent\u00e1vel.<\/figcaption><\/figure><\/div><\/figure><p class=\"has-text-align-justify has-text-align-justify\">O Brasil n\u00e3o escapa a essa realidade. Ao contr\u00e1rio, tem destaque nela e, segundo a FAO, est\u00e1 entre os dez pa\u00edses que mais desperdi\u00e7am alimentos no mundo. A situa\u00e7\u00e3o se agravou de forma que, em 2025 pesquisas apontam que cerca de 10% da produ\u00e7\u00e3o nacional vai parar no lixo, algo em torno de 40 milh\u00f5es de toneladas de comida. Por outro lado, milh\u00f5es de brasileiros vivem na extrema pobreza ou mis\u00e9ria, convivendo diariamente com a fome.<\/p><figure class=\"wp-block-gallery has-nested-images columns-default is-cropped wp-block-gallery-2 is-layout-flex wp-block-gallery-is-layout-flex\"><figure class=\"wp-block-image size-large has-custom-border\"><img loading=\"lazy\" decoding=\"async\" width=\"860\" height=\"570\" data-id=\"1525\" src=\"https:\/\/lers.pro.br\/wp-content\/uploads\/2025\/12\/imagem_materia-1.jpg\" alt=\"\" class=\"wp-image-1525\" style=\"border-width:2px\" srcset=\"https:\/\/lers.pro.br\/wp-content\/uploads\/2025\/12\/imagem_materia-1.jpg 860w, https:\/\/lers.pro.br\/wp-content\/uploads\/2025\/12\/imagem_materia-1-300x199.jpg 300w, https:\/\/lers.pro.br\/wp-content\/uploads\/2025\/12\/imagem_materia-1-768x509.jpg 768w, https:\/\/lers.pro.br\/wp-content\/uploads\/2025\/12\/imagem_materia-1-200x133.jpg 200w, https:\/\/lers.pro.br\/wp-content\/uploads\/2025\/12\/imagem_materia-1-615x408.jpg 615w\" sizes=\"auto, (max-width: 860px) 100vw, 860px\" \/><figcaption class=\"wp-element-caption\">40 milh\u00f5es de toneladas desperdi\u00e7adas enquanto outros tatnos milh\u00f5es de brasileiros convivem diariamente com a fome.<\/figcaption><\/figure><\/figure><p class=\"has-text-align-justify has-text-align-justify\">O assunto \u00e9 de urg\u00eancia e, por isso, requer provid\u00eancias imediatas. Institui\u00e7\u00f5es j\u00e1 foram criadas para tentar reduzir o desperd\u00edcio e minimizar as crises de fome, contudo, tais medidas n\u00e3o se mostram suficientes diante da situa\u00e7\u00e3o. Para que se consiga, realmente, reverter o quadro, \u00e9 preciso conscientizar as pessoas sobre as consequ\u00eancias do desperd\u00edcio.<\/p><p><\/p><div class=\"wp-block-uagb-info-box uagb-block-6d127155 uagb-infobox__content-wrap  uagb-infobox-icon-above-title uagb-infobox-image-valign-top\"><div class=\"uagb-ifb-content\"><div class=\"uagb-ifb-icon-wrap\"><svg xmlns=\"https:\/\/www.w3.org\/2000\/svg\" viewBox=\"0 0 512 512\"><path d=\"M0 256C0 114.6 114.6 0 256 0C397.4 0 512 114.6 512 256C512 397.4 397.4 512 256 512C114.6 512 0 397.4 0 256zM371.8 211.8C382.7 200.9 382.7 183.1 371.8 172.2C360.9 161.3 343.1 161.3 332.2 172.2L224 280.4L179.8 236.2C168.9 225.3 151.1 225.3 140.2 236.2C129.3 247.1 129.3 264.9 140.2 275.8L204.2 339.8C215.1 350.7 232.9 350.7 243.8 339.8L371.8 211.8z\"><\/path><\/svg><\/div><div class=\"uagb-ifb-title-wrap\"><h3 class=\"uagb-ifb-title\">Fique sabendo<\/h3><\/div><p class=\"uagb-ifb-desc\">Geysa \u00e9 estudante do 9o. ano da Escola de Ensino Fundamental Pel\u00fasio Correia de Mac\u00eado.<\/p><\/div><\/div><p><\/p>","protected":false},"excerpt":{"rendered":"<p>Por Maria Geysa, estudante do 9o. ano da Escola de Ensino Fundamental Pel\u00fasio Correia de Mac\u00eado.<\/p>\n","protected":false},"author":1,"featured_media":1524,"comment_status":"open","ping_status":"open","sticky":false,"template":"","format":"standard","meta":{"_editorskit_title_hidden":false,"_editorskit_reading_time":0,"_editorskit_is_block_options_detached":false,"_editorskit_block_options_position":"{}","_uag_custom_page_level_css":"","footnotes":""},"categories":[785],"tags":[],"class_list":["post-1521","post","type-post","status-publish","format-standard","has-post-thumbnail","hentry","category-textos-dos-estudantes"],"uagb_featured_image_src":{"full":["https:\/\/lers.pro.br\/wp-content\/uploads\/2025\/12\/imagem_materia.jpg",860,570,false],"thumbnail":["https:\/\/lers.pro.br\/wp-content\/uploads\/2025\/12\/imagem_materia-150x150.jpg",150,150,true],"medium":["https:\/\/lers.pro.br\/wp-content\/uploads\/2025\/12\/imagem_materia-300x199.jpg",300,199,true],"medium_large":["https:\/\/lers.pro.br\/wp-content\/uploads\/2025\/12\/imagem_materia-768x509.jpg",640,424,true],"large":["https:\/\/lers.pro.br\/wp-content\/uploads\/2025\/12\/imagem_materia.jpg",640,424,false],"1536x1536":["https:\/\/lers.pro.br\/wp-content\/uploads\/2025\/12\/imagem_materia.jpg",860,570,false],"2048x2048":["https:\/\/lers.pro.br\/wp-content\/uploads\/2025\/12\/imagem_materia.jpg",860,570,false],"depicter-thumbnail":["https:\/\/lers.pro.br\/wp-content\/uploads\/2025\/12\/imagem_materia-200x133.jpg",200,133,true],"news-event-featured":["https:\/\/lers.pro.br\/wp-content\/uploads\/2025\/12\/imagem_materia.jpg",860,570,false],"news-event-list":["https:\/\/lers.pro.br\/wp-content\/uploads\/2025\/12\/imagem_materia.jpg",600,398,false],"news-event-thumb":["https:\/\/lers.pro.br\/wp-content\/uploads\/2025\/12\/imagem_materia.jpg",300,200,false],"news-event-small":["https:\/\/lers.pro.br\/wp-content\/uploads\/2025\/12\/imagem_materia.jpg",143,95,false],"news-event-grid":["https:\/\/lers.pro.br\/wp-content\/uploads\/2025\/12\/imagem_materia.jpg",377,250,false],"woocommerce_thumbnail":["https:\/\/lers.pro.br\/wp-content\/uploads\/2025\/12\/imagem_materia-300x199.jpg",300,199,true],"woocommerce_single":["https:\/\/lers.pro.br\/wp-content\/uploads\/2025\/12\/imagem_materia-615x408.jpg",615,408,true],"woocommerce_gallery_thumbnail":["https:\/\/lers.pro.br\/wp-content\/uploads\/2025\/12\/imagem_materia-100x100.jpg",100,100,true]},"uagb_author_info":{"display_name":"rodrigo.nmartins97","author_link":"https:\/\/lers.pro.br\/?author=1"},"uagb_comment_info":2,"uagb_excerpt":"Por Maria Geysa, estudante do 9o. ano da Escola de Ensino Fundamental Pel\u00fasio Correia de Mac\u00eado.","_links":{"self":[{"href":"https:\/\/lers.pro.br\/index.php?rest_route=\/wp\/v2\/posts\/1521","targetHints":{"allow":["GET"]}}],"collection":[{"href":"https:\/\/lers.pro.br\/index.php?rest_route=\/wp\/v2\/posts"}],"about":[{"href":"https:\/\/lers.pro.br\/index.php?rest_route=\/wp\/v2\/types\/post"}],"author":[{"embeddable":true,"href":"https:\/\/lers.pro.br\/index.php?rest_route=\/wp\/v2\/users\/1"}],"replies":[{"embeddable":true,"href":"https:\/\/lers.pro.br\/index.php?rest_route=%2Fwp%2Fv2%2Fcomments&post=1521"}],"version-history":[{"count":11,"href":"https:\/\/lers.pro.br\/index.php?rest_route=\/wp\/v2\/posts\/1521\/revisions"}],"predecessor-version":[{"id":1537,"href":"https:\/\/lers.pro.br\/index.php?rest_route=\/wp\/v2\/posts\/1521\/revisions\/1537"}],"wp:featuredmedia":[{"embeddable":true,"href":"https:\/\/lers.pro.br\/index.php?rest_route=\/wp\/v2\/media\/1524"}],"wp:attachment":[{"href":"https:\/\/lers.pro.br\/index.php?rest_route=%2Fwp%2Fv2%2Fmedia&parent=1521"}],"wp:term":[{"taxonomy":"category","embeddable":true,"href":"https:\/\/lers.pro.br\/index.php?rest_route=%2Fwp%2Fv2%2Fcategories&post=1521"},{"taxonomy":"post_tag","embeddable":true,"href":"https:\/\/lers.pro.br\/index.php?rest_route=%2Fwp%2Fv2%2Ftags&post=1521"}],"curies":[{"name":"wp","href":"https:\/\/api.w.org\/{rel}","templated":true}]}}