{"id":698,"date":"2024-10-02T11:10:07","date_gmt":"2024-10-02T14:10:07","guid":{"rendered":"https:\/\/lers.pro.br\/?p=698"},"modified":"2025-03-15T11:39:31","modified_gmt":"2025-03-15T14:39:31","slug":"a-banalidade-do-mal-segundo-hanna-arendt","status":"publish","type":"post","link":"https:\/\/lers.pro.br\/?p=698","title":{"rendered":"A banalidade do mal, segundo Hanna Arendt"},"content":{"rendered":"<p class=\"has-text-align-justify\">O conceito de <strong>&#8220;banalidade do mal&#8221;<\/strong>, criado pela fil\u00f3sofa pol\u00edtica <strong>Hannah Arendt<\/strong>, surgiu a partir de sua an\u00e1lise sobre o julgamento de Adolf Eichmann, um dos respons\u00e1veis pela log\u00edstica do Holocausto nazista. Arendt cobriu o julgamento em Jerusal\u00e9m para a revista <em>The New Yorker<\/em> em 1961 e, em suas observa\u00e7\u00f5es, concluiu que Eichmann, longe de ser um monstro ou um fan\u00e1tico, era uma pessoa comum que cumpria ordens burocr\u00e1ticas sem questionar as consequ\u00eancias morais de suas a\u00e7\u00f5es.<\/p><p class=\"has-text-align-justify\">Arendt percebeu que Eichmann n\u00e3o parecia agir por \u00f3dio profundo ou ideologia violenta, mas sim por uma obedi\u00eancia cega \u00e0 autoridade e por uma incapacidade de refletir criticamente sobre o impacto de suas a\u00e7\u00f5es. Ele se via como um simples executor de ordens, indiferente ao sofrimento humano que causava. Assim, a &#8220;banalidade do mal&#8221; descreve como atrocidades terr\u00edveis podem ser cometidas n\u00e3o necessariamente por indiv\u00edduos perversos, mas por pessoas comuns que aceitam normas e ordens sem questionamento \u00e9tico, transformando a maldade em algo burocr\u00e1tico e rotineiro.<\/p><p class=\"has-text-align-justify\">Esse conceito desafia a ideia de que o mal \u00e9 sempre fruto de indiv\u00edduos excepcionalmente cru\u00e9is. Ao contr\u00e1rio, Arendt prop\u00f5e que o mal pode ser &#8220;banal&#8221; quando decorre da conformidade e da falta de pensamento cr\u00edtico, o que torna ainda mais perigoso o modo como sistemas autorit\u00e1rios podem manipular pessoas a cometerem crimes impens\u00e1veis.<\/p><h2 class=\"wp-block-heading\">Quem foi Hanna Arendt?<\/h2><p class=\"has-text-align-justify\"><strong>Hannah Arendt<\/strong> (1906-1975) foi uma das mais importantes fil\u00f3sofas e te\u00f3ricas pol\u00edticas do s\u00e9culo XX. Nascida em Linden, no ent\u00e3o Imp\u00e9rio Alem\u00e3o, Arendt teve uma vida marcada por profundas reflex\u00f5es sobre a natureza do poder, do totalitarismo, da autoridade e da moralidade. Sua obra \u00e9 amplamente reconhecida por sua an\u00e1lise cr\u00edtica do nazismo, do comunismo e da condi\u00e7\u00e3o humana em sociedades modernas.<\/p><p class=\"has-text-align-justify\">Arendt estudou filosofia na Alemanha com mestres como Martin Heidegger e Karl Jaspers. No entanto, devido \u00e0 sua origem judaica, ela foi for\u00e7ada a deixar o pa\u00eds em 1933, ap\u00f3s a ascens\u00e3o de Adolf Hitler ao poder. Ela se exilou na Fran\u00e7a e, posteriormente, nos Estados Unidos, onde se naturalizou cidad\u00e3 americana.<\/p><p class=\"has-text-align-justify\">Entre seus trabalhos mais influentes est\u00e3o <strong>&#8220;As Origens do Totalitarismo&#8221;<\/strong> (1951), uma an\u00e1lise do surgimento do totalitarismo no s\u00e9culo XX, com foco no nazismo e no stalinismo, e <strong>&#8220;A Condi\u00e7\u00e3o Humana&#8221;<\/strong> (1958), que discute a vida pol\u00edtica e a aliena\u00e7\u00e3o moderna. Outro de seus textos mais conhecidos \u00e9 <strong>&#8220;Eichmann em Jerusal\u00e9m&#8221;<\/strong> (1963), no qual introduziu o conceito de <strong>&#8220;banalidade do mal&#8221;<\/strong>, ao relatar o julgamento de Adolf Eichmann, um dos respons\u00e1veis pela organiza\u00e7\u00e3o do Holocausto.<\/p><p class=\"has-text-align-justify\">Embora Hannah Arendt tenha abordado temas como poder, pol\u00edtica, \u00e9tica e responsabilidade, sua obra nunca se limitou \u00e0 filosofia tradicional. Seu pensamento \u00e9 interdisciplinar, englobando hist\u00f3ria, sociologia, ci\u00eancia pol\u00edtica e filosofia. Ela foi uma cr\u00edtica feroz de ideologias totalit\u00e1rias e suas implica\u00e7\u00f5es para a liberdade e a dignidade humanas, deixando um legado intelectual que continua a influenciar debates contempor\u00e2neos sobre pol\u00edtica e direitos humanos.<\/p><div class=\"wp-block-columns is-layout-flex wp-container-core-columns-is-layout-9d6595d7 wp-block-columns-is-layout-flex\"><div class=\"wp-block-column is-layout-flow wp-block-column-is-layout-flow\"><figure class=\"wp-block-image size-full\"><img loading=\"lazy\" decoding=\"async\" width=\"395\" height=\"263\" src=\"https:\/\/lers.pro.br\/wp-content\/uploads\/2024\/10\/arendt-3x2-1.jpg\" alt=\"\" class=\"wp-image-699\" srcset=\"https:\/\/lers.pro.br\/wp-content\/uploads\/2024\/10\/arendt-3x2-1.jpg 395w, https:\/\/lers.pro.br\/wp-content\/uploads\/2024\/10\/arendt-3x2-1-300x200.jpg 300w, https:\/\/lers.pro.br\/wp-content\/uploads\/2024\/10\/arendt-3x2-1-200x133.jpg 200w\" sizes=\"auto, (max-width: 395px) 100vw, 395px\" \/><\/figure><\/div>\n\n<div class=\"wp-block-column is-layout-flow wp-block-column-is-layout-flow\"><figure class=\"wp-block-image size-full\"><img loading=\"lazy\" decoding=\"async\" width=\"499\" height=\"312\" src=\"https:\/\/lers.pro.br\/wp-content\/uploads\/2024\/10\/image.png\" alt=\"\" class=\"wp-image-700\" srcset=\"https:\/\/lers.pro.br\/wp-content\/uploads\/2024\/10\/image.png 499w, https:\/\/lers.pro.br\/wp-content\/uploads\/2024\/10\/image-300x188.png 300w, https:\/\/lers.pro.br\/wp-content\/uploads\/2024\/10\/image-200x125.png 200w\" sizes=\"auto, (max-width: 499px) 100vw, 499px\" \/><\/figure><\/div>\n\n<div class=\"wp-block-column is-layout-flow wp-block-column-is-layout-flow\"><figure class=\"wp-block-image size-large\"><img loading=\"lazy\" decoding=\"async\" width=\"828\" height=\"1024\" src=\"https:\/\/lers.pro.br\/wp-content\/uploads\/2024\/10\/Hannah_Arendt_1933-828x1024.jpg\" alt=\"\" class=\"wp-image-701\" srcset=\"https:\/\/lers.pro.br\/wp-content\/uploads\/2024\/10\/Hannah_Arendt_1933-828x1024.jpg 828w, https:\/\/lers.pro.br\/wp-content\/uploads\/2024\/10\/Hannah_Arendt_1933-300x371.jpg 300w, https:\/\/lers.pro.br\/wp-content\/uploads\/2024\/10\/Hannah_Arendt_1933-615x761.jpg 615w, https:\/\/lers.pro.br\/wp-content\/uploads\/2024\/10\/Hannah_Arendt_1933-243x300.jpg 243w, https:\/\/lers.pro.br\/wp-content\/uploads\/2024\/10\/Hannah_Arendt_1933-768x950.jpg 768w, https:\/\/lers.pro.br\/wp-content\/uploads\/2024\/10\/Hannah_Arendt_1933-200x247.jpg 200w, https:\/\/lers.pro.br\/wp-content\/uploads\/2024\/10\/Hannah_Arendt_1933.jpg 1200w\" sizes=\"auto, (max-width: 828px) 100vw, 828px\" \/><\/figure><\/div><\/div>","protected":false},"excerpt":{"rendered":"<p>O conceito de &#8220;banalidade do mal&#8221;, criado pela fil\u00f3sofa pol\u00edtica Hannah Arendt, surgiu a partir de sua an\u00e1lise sobre o julgamento de Adolf Eichmann, um dos respons\u00e1veis pela log\u00edstica do Holocausto nazista. Arendt cobriu o julgamento em Jerusal\u00e9m para a revista The New Yorker em 1961 e, em suas observa\u00e7\u00f5es, concluiu que Eichmann, longe de&#8230;<\/p>\n","protected":false},"author":1,"featured_media":965,"comment_status":"open","ping_status":"open","sticky":false,"template":"","format":"standard","meta":{"_editorskit_title_hidden":false,"_editorskit_reading_time":0,"_editorskit_is_block_options_detached":false,"_editorskit_block_options_position":"{}","_uag_custom_page_level_css":"","footnotes":""},"categories":[771],"tags":[],"class_list":["post-698","post","type-post","status-publish","format-standard","has-post-thumbnail","hentry","category-temas-transversos"],"uagb_featured_image_src":{"full":["https:\/\/lers.pro.br\/wp-content\/uploads\/2024\/10\/HANNAH.jpg",284,177,false],"thumbnail":["https:\/\/lers.pro.br\/wp-content\/uploads\/2024\/10\/HANNAH-150x150.jpg",150,150,true],"medium":["https:\/\/lers.pro.br\/wp-content\/uploads\/2024\/10\/HANNAH.jpg",284,177,false],"medium_large":["https:\/\/lers.pro.br\/wp-content\/uploads\/2024\/10\/HANNAH.jpg",284,177,false],"large":["https:\/\/lers.pro.br\/wp-content\/uploads\/2024\/10\/HANNAH.jpg",284,177,false],"1536x1536":["https:\/\/lers.pro.br\/wp-content\/uploads\/2024\/10\/HANNAH.jpg",284,177,false],"2048x2048":["https:\/\/lers.pro.br\/wp-content\/uploads\/2024\/10\/HANNAH.jpg",284,177,false],"depicter-thumbnail":["https:\/\/lers.pro.br\/wp-content\/uploads\/2024\/10\/HANNAH-200x125.jpg",200,125,true],"news-event-featured":["https:\/\/lers.pro.br\/wp-content\/uploads\/2024\/10\/HANNAH.jpg",284,177,false],"news-event-list":["https:\/\/lers.pro.br\/wp-content\/uploads\/2024\/10\/HANNAH.jpg",284,177,false],"news-event-thumb":["https:\/\/lers.pro.br\/wp-content\/uploads\/2024\/10\/HANNAH.jpg",284,177,false],"news-event-small":["https:\/\/lers.pro.br\/wp-content\/uploads\/2024\/10\/HANNAH.jpg",150,93,false],"news-event-grid":["https:\/\/lers.pro.br\/wp-content\/uploads\/2024\/10\/HANNAH.jpg",284,177,false],"woocommerce_thumbnail":["https:\/\/lers.pro.br\/wp-content\/uploads\/2024\/10\/HANNAH.jpg",284,177,false],"woocommerce_single":["https:\/\/lers.pro.br\/wp-content\/uploads\/2024\/10\/HANNAH.jpg",284,177,false],"woocommerce_gallery_thumbnail":["https:\/\/lers.pro.br\/wp-content\/uploads\/2024\/10\/HANNAH-100x100.jpg",100,100,true]},"uagb_author_info":{"display_name":"rodrigo.nmartins97","author_link":"https:\/\/lers.pro.br\/?author=1"},"uagb_comment_info":1,"uagb_excerpt":"O conceito de &#8220;banalidade do mal&#8221;, criado pela fil\u00f3sofa pol\u00edtica Hannah Arendt, surgiu a partir de sua an\u00e1lise sobre o julgamento de Adolf Eichmann, um dos respons\u00e1veis pela log\u00edstica do Holocausto nazista. Arendt cobriu o julgamento em Jerusal\u00e9m para a revista The New Yorker em 1961 e, em suas observa\u00e7\u00f5es, concluiu que Eichmann, longe de...","_links":{"self":[{"href":"https:\/\/lers.pro.br\/index.php?rest_route=\/wp\/v2\/posts\/698","targetHints":{"allow":["GET"]}}],"collection":[{"href":"https:\/\/lers.pro.br\/index.php?rest_route=\/wp\/v2\/posts"}],"about":[{"href":"https:\/\/lers.pro.br\/index.php?rest_route=\/wp\/v2\/types\/post"}],"author":[{"embeddable":true,"href":"https:\/\/lers.pro.br\/index.php?rest_route=\/wp\/v2\/users\/1"}],"replies":[{"embeddable":true,"href":"https:\/\/lers.pro.br\/index.php?rest_route=%2Fwp%2Fv2%2Fcomments&post=698"}],"version-history":[{"count":2,"href":"https:\/\/lers.pro.br\/index.php?rest_route=\/wp\/v2\/posts\/698\/revisions"}],"predecessor-version":[{"id":704,"href":"https:\/\/lers.pro.br\/index.php?rest_route=\/wp\/v2\/posts\/698\/revisions\/704"}],"wp:featuredmedia":[{"embeddable":true,"href":"https:\/\/lers.pro.br\/index.php?rest_route=\/wp\/v2\/media\/965"}],"wp:attachment":[{"href":"https:\/\/lers.pro.br\/index.php?rest_route=%2Fwp%2Fv2%2Fmedia&parent=698"}],"wp:term":[{"taxonomy":"category","embeddable":true,"href":"https:\/\/lers.pro.br\/index.php?rest_route=%2Fwp%2Fv2%2Fcategories&post=698"},{"taxonomy":"post_tag","embeddable":true,"href":"https:\/\/lers.pro.br\/index.php?rest_route=%2Fwp%2Fv2%2Ftags&post=698"}],"curies":[{"name":"wp","href":"https:\/\/api.w.org\/{rel}","templated":true}]}}